{"id":1617,"date":"2024-09-09T12:15:30","date_gmt":"2024-09-09T10:15:30","guid":{"rendered":"https:\/\/www.lovefrance.world\/?p=1617"},"modified":"2024-09-09T12:20:05","modified_gmt":"2024-09-09T10:20:05","slug":"thanks-a-million","status":"publish","type":"post","link":"https:\/\/www.lovefrance.world\/es\/thanks-a-million\/","title":{"rendered":"\u00a1Un mill\u00f3n de gracias!"},"content":{"rendered":"<p>\u00a1Estoy muy contento de poder traerles esta noticia! - y de invitarlos a unirse a nosotros para dar gracias por m\u00e1s de un mill\u00f3n de oraciones que han sido donadas desde m\u00e1s de 130 naciones durante la temporada de Juegos, por Francia, los Juegos y las actividades de extensi\u00f3n que han tenido lugar.<\/p>\n\n\n\n<p>Nos sentimos muy animados y agradecidos por sus oraciones y las de muchos otros durante estos \u00faltimos dos meses. \u00a1Gracias!<\/p>\n\n\n\n<p>Mira a Matthew Glock desde <a rel=\"noreferrer noopener\" target=\"_blank\" href=\"https:\/\/flj78ieab.cc.rs6.net\/tn.jsp?f=001KSFAe6W14q1ZbzLA5uo_m0I7Krs6QULQPrwZ6h6HmvBdo3lYVwBoxpPYXSVfO-uX9qpFEmJ1R3arLgJgWQAap4WKfBqShyWFLdVhoap_Rrh_bjJt-xaoPnj2ZSFvPpIwKVNzWYseQ0ERdiePbZjd9n8VQmkQhucp&amp;c=bJY8kBTLEHqUhgT5S8QXUS-BhsBCdgmMDMaVb9KgvB6hKIKBKDRuJw==&amp;ch=vOm4YHhvAlgY9ZiirMCc2pGD4sLurjWsTw6W_CLp9eHoMA7owx7duw==\">Conjunto 2024<\/a> y varios otros, d\u00e1ndonos las gracias en nombre de la Iglesia francesa:&nbsp;<\/p>\n\n\n\n<figure class=\"wp-block-embed is-type-video is-provider-youtube wp-block-embed-youtube wp-embed-aspect-16-9 wp-has-aspect-ratio\"><div class=\"wp-block-embed__wrapper\">\n<iframe loading=\"lazy\" title=\"\u00a1Gracias por orar por Francia! - Love France - Francia 1 Mill\u00f3n\" width=\"500\" height=\"281\" src=\"https:\/\/www.youtube.com\/embed\/OibIkxMx_KA?feature=oembed\" frameborder=\"0\" allow=\"accelerometer; autoplay; clipboard-write; encrypted-media; gyroscope; picture-in-picture; web-share\" referrerpolicy=\"strict-origin-when-cross-origin\" allowfullscreen><\/iframe>\n<\/div><\/figure>\n\n\n\n<p>Para m\u00ed y para muchos de nosotros, se trata de un mill\u00f3n de oraciones ante el trono, como el incienso, un aroma agradable que conmueve Su coraz\u00f3n. Es realmente muy, muy bueno.<\/p>\n\n\n\n<blockquote class=\"wp-block-quote is-layout-flow wp-block-quote-is-layout-flow\">\n<p>\u00abQue el Cordero que fue inmolado reciba lo que merece por sus padecimientos.\u00bb<\/p>\n<\/blockquote>\n\n\n\n<p>Innumerables personas han utilizado el <a rel=\"noreferrer noopener\" target=\"_blank\" href=\"https:\/\/flj78ieab.cc.rs6.net\/tn.jsp?f=001KSFAe6W14q1ZbzLA5uo_m0I7Krs6QULQPrwZ6h6HmvBdo3lYVwBoxm3x8uBcjW7bnAVJIVZ20qWUNNbEFyInvfr9ydOmmMF_CMzSPLp20pDo-pnthMlb2vAnwqOC1z0KBGoe5fHMupCBVEOdJ7JenzNYZeTIeHjfVyCQi6gpYqhUfT-LJ0p8GA==&amp;c=bJY8kBTLEHqUhgT5S8QXUS-BhsBCdgmMDMaVb9KgvB6hKIKBKDRuJw==&amp;ch=vOm4YHhvAlgY9ZiirMCc2pGD4sLurjWsTw6W_CLp9eHoMA7owx7duw==\">Gu\u00eda de oraci\u00f3n de 50 d\u00edas<\/a> que fue preparado por nuestros amigos de Impact France y 2BC&nbsp;<a rel=\"noreferrer noopener\" target=\"_blank\" href=\"https:\/\/flj78ieab.cc.rs6.net\/tn.jsp?f=001KSFAe6W14q1ZbzLA5uo_m0I7Krs6QULQPrwZ6h6HmvBdo3lYVwBoxm3x8uBcjW7buIMR8ypTWjuZwHd_6EvFI7kZ3x0nKPbB7WWZyTeg2zfgYkNsHxm9Ohx_-i2OnNuWsCyPboCCoOOrwKEjUGzssXVC0U3llZTdHZn-1VjlgHw=&amp;c=bJY8kBTLEHqUhgT5S8QXUS-BhsBCdgmMDMaVb9KgvB6hKIKBKDRuJw==&amp;ch=vOm4YHhvAlgY9ZiirMCc2pGD4sLurjWsTw6W_CLp9eHoMA7owx7duw==\">Gu\u00eda de oraci\u00f3n de 7 d\u00edas para ni\u00f1os<\/a>Ambos est\u00e1n disponibles en l\u00ednea en 33 idiomas y en 10 idiomas como descarga en formato PDF.<\/p>\n\n\n\n<p>\u00a1Sigo cantando la pegadiza canci\u00f3n que nuestro equipo produjo para la gu\u00eda infantil! Gracias a Cami Plaster por las acciones.<\/p>\n\n\n\n<figure class=\"wp-block-embed is-type-video is-provider-youtube wp-block-embed-youtube wp-embed-aspect-16-9 wp-has-aspect-ratio\"><div class=\"wp-block-embed__wrapper\">\n<iframe loading=\"lazy\" title=\"Corriendo la carrera - Canci\u00f3n con acciones\" width=\"500\" height=\"281\" src=\"https:\/\/www.youtube.com\/embed\/jJw_Qd05fSk?feature=oembed\" frameborder=\"0\" allow=\"accelerometer; autoplay; clipboard-write; encrypted-media; gyroscope; picture-in-picture; web-share\" referrerpolicy=\"strict-origin-when-cross-origin\" allowfullscreen><\/iframe>\n<\/div><\/figure>\n\n\n<div class=\"wp-block-image\">\n<figure class=\"aligncenter size-full\"><a href=\"https:\/\/www.lovefrance.world\/es\/interseed-hop-app\/\" target=\"_blank\" rel=\"noreferrer noopener\"><img loading=\"lazy\" decoding=\"async\" width=\"462\" height=\"127\" src=\"https:\/\/www.lovefrance.world\/wp-content\/uploads\/2024\/09\/9Sept2024-03.jpg\" alt=\"\" class=\"wp-image-1619\" srcset=\"https:\/\/www.lovefrance.world\/wp-content\/uploads\/2024\/09\/9Sept2024-03.jpg 462w, https:\/\/www.lovefrance.world\/wp-content\/uploads\/2024\/09\/9Sept2024-03-380x104.jpg 380w, https:\/\/www.lovefrance.world\/wp-content\/uploads\/2024\/09\/9Sept2024-03-18x5.jpg 18w\" sizes=\"auto, (max-width: 462px) 100vw, 462px\" \/><\/a><\/figure>\n<\/div>\n\n\n<p>Algunos de nosotros hemos recurrido a la<strong> <\/strong><a href=\"https:\/\/flj78ieab.cc.rs6.net\/tn.jsp?f=001KSFAe6W14q1ZbzLA5uo_m0I7Krs6QULQPrwZ6h6HmvBdo3lYVwBoxr_Q58rcLlGa_SfZHbN0r7mBnIMOSC4VwvUs3TE6r4qqcITYglLKhok49RZ9e9KQmnuWABrmH5d8KHn99tXfrGtjljipDei-1k9SGx-L4ncKr4uhpz2x6dww9XfJ3vRFEA==&amp;c=bJY8kBTLEHqUhgT5S8QXUS-BhsBCdgmMDMaVb9KgvB6hKIKBKDRuJw==&amp;ch=vOm4YHhvAlgY9ZiirMCc2pGD4sLurjWsTw6W_CLp9eHoMA7owx7duw==\" target=\"_blank\" rel=\"noreferrer noopener\">Aplicaci\u00f3n de la Casa de Oraci\u00f3n Interseed<\/a>, para seguir la gu\u00eda de oraci\u00f3n y orar con otros en l\u00ednea. \u00a1IPC seguir\u00e1 desarrollando su asociaci\u00f3n con esta incre\u00edble aplicaci\u00f3n!<\/p>\n\n\n<div class=\"wp-block-image\">\n<figure class=\"aligncenter size-full\"><a href=\"https:\/\/chretiens.com\/prieres\/le-theme-du-49e-jour-les-entrepreneurs\/2024\/09\/08\/01\/00\/\" target=\"_blank\" rel=\"noreferrer noopener\"><img loading=\"lazy\" decoding=\"async\" width=\"497\" height=\"122\" src=\"https:\/\/www.lovefrance.world\/wp-content\/uploads\/2024\/09\/9Sept2024-04.jpg\" alt=\"\" class=\"wp-image-1620\" srcset=\"https:\/\/www.lovefrance.world\/wp-content\/uploads\/2024\/09\/9Sept2024-04.jpg 497w, https:\/\/www.lovefrance.world\/wp-content\/uploads\/2024\/09\/9Sept2024-04-380x93.jpg 380w, https:\/\/www.lovefrance.world\/wp-content\/uploads\/2024\/09\/9Sept2024-04-18x4.jpg 18w\" sizes=\"auto, (max-width: 497px) 100vw, 497px\" \/><\/a><\/figure>\n<\/div>\n\n\n<p>Muchos cristianos franc\u00f3fonos de todo el mundo accedieron a la Gu\u00eda de oraci\u00f3n Love France en <a href=\"https:\/\/flj78ieab.cc.rs6.net\/tn.jsp?f=001KSFAe6W14q1ZbzLA5uo_m0I7Krs6QULQPrwZ6h6HmvBdo3lYVwBoxr_Q58rcLlGaAJxnIqYKQ9RZGQ8KvabSmPA0Z8a2Lga_P6ve5zoeX8Ky7rZdi-w5kTZ4_90ZLHPf5c1mQ8o-fi7GJk2aWYjpzHAgJd21WMd0KVtABJbdDaNA2GYaVGH0zHg66DIvEZUKIx4NkmN9RUES2f4I3UWjnvYXG-YEwmhaZea0rkn6QoucPlEvJqmfalPYYOlpMd3O&amp;c=bJY8kBTLEHqUhgT5S8QXUS-BhsBCdgmMDMaVb9KgvB6hKIKBKDRuJw==&amp;ch=vOm4YHhvAlgY9ZiirMCc2pGD4sLurjWsTw6W_CLp9eHoMA7owx7duw==\" target=\"_blank\" rel=\"noreferrer noopener\">Chretiens.Com<\/a> sitio web.\u00a0<\/p>\n\n\n\n<h2 class=\"wp-block-heading\">Oraciones contestadas<\/h2>\n\n\n\n<p>La semana pasada, compartimos parte de la informaci\u00f3n disponible sobre la cantidad de personas a las que se les hab\u00eda acercado el Evangelio y sus respuestas. Todav\u00eda nos est\u00e1n llegando detalles, pero estamos escuchando sobre muchas vidas dedicadas a Jes\u00fas y una apertura al Evangelio que, seg\u00fan los misioneros, no tiene precedentes... <strong>\u00a1Tiene que ser Dios!<\/strong><\/p>\n\n\n\n<p>La Iglesia est\u00e1 muy viva en Francia. Ha sabido aceptar el desaf\u00edo y la oportunidad que le han brindado los Juegos. Hay mucho por lo que estar agradecida.<\/p>\n\n\n\n<p>Tenemos noticias de nuevas colaboraciones y trabajos conjuntos entre iglesias y ministerios como resultado del Centro Deportivo Ensemble 2024 en Par\u00eds que fueron fruct\u00edferos. Tambi\u00e9n hay una sensaci\u00f3n de creciente unidad entre las iglesias all\u00ed, alabado sea Dios.<\/p>\n\n\n\n<figure class=\"wp-block-image size-full\"><a href=\"https:\/\/www.lovefrance.world\/es\/prayer-guide\/day-50\/\" target=\"_blank\" rel=\"noreferrer noopener\"><img loading=\"lazy\" decoding=\"async\" width=\"939\" height=\"256\" src=\"https:\/\/www.lovefrance.world\/wp-content\/uploads\/2024\/09\/9Sept2024-05.jpg\" alt=\"\" class=\"wp-image-1621\" srcset=\"https:\/\/www.lovefrance.world\/wp-content\/uploads\/2024\/09\/9Sept2024-05.jpg 939w, https:\/\/www.lovefrance.world\/wp-content\/uploads\/2024\/09\/9Sept2024-05-380x104.jpg 380w, https:\/\/www.lovefrance.world\/wp-content\/uploads\/2024\/09\/9Sept2024-05-768x209.jpg 768w, https:\/\/www.lovefrance.world\/wp-content\/uploads\/2024\/09\/9Sept2024-05-18x5.jpg 18w\" sizes=\"auto, (max-width: 939px) 100vw, 939px\" \/><\/a><\/figure>\n\n\n\n<p><strong>Nuestro tema final de oraci\u00f3n <a href=\"https:\/\/www.lovefrance.world\/es\/prayer-guide\/day-50\/\">Este lunes<\/a> es: <\/strong><a href=\"https:\/\/www.lovefrance.world\/es\/prayer-guide\/day-50\/\"><strong>Fruto de los eventos evangel\u00edsticos<\/strong><\/a><\/p>\n\n\n\n<p>Por eso, hoy oremos por el impacto y el fruto a largo plazo de los eventos evangel\u00edsticos que se llevaron a cabo durante los Juegos Ol\u00edmpicos. Mientras los asistentes y los atletas regresan a casa, oremos para que muchos sigan encontr\u00e1ndose con Jes\u00fas y crezcan en su fe.<\/p>\n\n\n\n<p>Continuemos apoyando tanto a la Iglesia de Francia como a los movimientos de plantaci\u00f3n de iglesias y misiones que est\u00e1n trabajando all\u00ed, mientras buscan aprovechar los \u00e9xitos y est\u00edmulos de estas \u00faltimas semanas.<\/p>\n\n\n\n<p>Vea la Gu\u00eda de oraci\u00f3n para ni\u00f1os de hoy <a rel=\"noreferrer noopener\" target=\"_blank\" href=\"https:\/\/flj78ieab.cc.rs6.net\/tn.jsp?f=001KSFAe6W14q1ZbzLA5uo_m0I7Krs6QULQPrwZ6h6HmvBdo3lYVwBoxr_Q58rcLlGaEGqXl91aGl5BAm452p-Axj7_cJjzIgWF2FGKiLCRxoluPW3F9NuauRVpl3mrYuKeB2gjfvfXqsySelTjDqAVOMiTCoJ4Qp5Z7-N_6UFBaqI3c6N924h5lg==&amp;c=bJY8kBTLEHqUhgT5S8QXUS-BhsBCdgmMDMaVb9KgvB6hKIKBKDRuJw==&amp;ch=vOm4YHhvAlgY9ZiirMCc2pGD4sLurjWsTw6W_CLp9eHoMA7owx7duw==\">AQU\u00cd<\/a><\/p>\n\n\n\n<h2 class=\"wp-block-heading\">\u00bf\u00a1Qu\u00e9 sigue?!<\/h2>\n\n\n\n<p>Muchos se preguntan: &quot;\u00bfQu\u00e9 sigue?&quot;. Love France est\u00e1 hablando con los distintos socios sobre c\u00f3mo podemos mantenerlos mejor informados sobre la oraci\u00f3n por Francia, la Iglesia aqu\u00ed y las muchas iniciativas misioneras. Pronto les traeremos el pr\u00f3ximo cap\u00edtulo de este proyecto.<\/p>\n\n\n\n<p>\u00a1Pero mientras tanto! - contin\u00fae usando los consejos de oraci\u00f3n en el sitio web Love France y las Gu\u00edas de oraci\u00f3n Pray for France disponibles <a rel=\"noreferrer noopener\" target=\"_blank\" href=\"https:\/\/flj78ieab.cc.rs6.net\/tn.jsp?f=001KSFAe6W14q1ZbzLA5uo_m0I7Krs6QULQPrwZ6h6HmvBdo3lYVwBoxr_Q58rcLlGac3eufS0VeYHaB5rU3PxEpR-O5rK9pea4I6WQOIC9NVTaTIAflTWAYvyGKZKKe3RF-ymd8H2uug0dijsdHIKiCMmRT1xwsmh8YzhvsJdWt77HSUWa6HF5YQ==&amp;c=bJY8kBTLEHqUhgT5S8QXUS-BhsBCdgmMDMaVb9KgvB6hKIKBKDRuJw==&amp;ch=vOm4YHhvAlgY9ZiirMCc2pGD4sLurjWsTw6W_CLp9eHoMA7owx7duw==\">AQU\u00cd<\/a><\/p>\n\n\n\n<p>Contin\u00fae enviando sus comentarios, palabras, im\u00e1genes y sugerencias a trav\u00e9s del sitio web Love France. <a rel=\"noreferrer noopener\" target=\"_blank\" href=\"https:\/\/flj78ieab.cc.rs6.net\/tn.jsp?f=001KSFAe6W14q1ZbzLA5uo_m0I7Krs6QULQPrwZ6h6HmvBdo3lYVwBoxr_Q58rcLlGaZXLtTxbiXVPNNmYhI8Goo5ZC1bqFI0YJQg-Xg0MLiuXC4LGRrQJ8dzHwHbrRsKK6ex-wBjxBMKEidf4lsjlR_G6I9o4cFZA7vorWf9sc6sUiw7D77HaEQg==&amp;c=bJY8kBTLEHqUhgT5S8QXUS-BhsBCdgmMDMaVb9KgvB6hKIKBKDRuJw==&amp;ch=vOm4YHhvAlgY9ZiirMCc2pGD4sLurjWsTw6W_CLp9eHoMA7owx7duw==\">AQU\u00cd<\/a><\/p>\n\n\n\n<p>En nombre del equipo Love France y del IPC, perm\u00edtanme agradecer a Matthew Glock y al equipo de <a href=\"https:\/\/flj78ieab.cc.rs6.net\/tn.jsp?f=001KSFAe6W14q1ZbzLA5uo_m0I7Krs6QULQPrwZ6h6HmvBdo3lYVwBoxpPYXSVfO-uX9qpFEmJ1R3arLgJgWQAap4WKfBqShyWFLdVhoap_Rrh_bjJt-xaoPnj2ZSFvPpIwKVNzWYseQ0ERdiePbZjd9n8VQmkQhucp&amp;c=bJY8kBTLEHqUhgT5S8QXUS-BhsBCdgmMDMaVb9KgvB6hKIKBKDRuJw==&amp;ch=vOm4YHhvAlgY9ZiirMCc2pGD4sLurjWsTw6W_CLp9eHoMA7owx7duw==\" target=\"_blank\" rel=\"noreferrer noopener\">Conjunto 2024<\/a>, <a href=\"https:\/\/flj78ieab.cc.rs6.net\/tn.jsp?f=001KSFAe6W14q1ZbzLA5uo_m0I7Krs6QULQPrwZ6h6HmvBdo3lYVwBoxr_Q58rcLlGaY7YFVPieELpQeiRd4OETWnJ2FklqyHXUqPWdevBXl_xpyd-E1gihxqGfoTfAfdmMK8BS-fbKNfRkv823w-4aJ80H67dsKA6c&amp;c=bJY8kBTLEHqUhgT5S8QXUS-BhsBCdgmMDMaVb9KgvB6hKIKBKDRuJw==&amp;ch=vOm4YHhvAlgY9ZiirMCc2pGD4sLurjWsTw6W_CLp9eHoMA7owx7duw==\" target=\"_blank\" rel=\"noreferrer noopener\">Iglesia de la Cit\u00e9 \u2013 Par\u00eds<\/a>Agradecemos a nuestro querido amigo Marty Woods y al equipo de medios de IPC por su participaci\u00f3n en hacer posible este incre\u00edble regalo de la oraci\u00f3n.<\/p>\n\n\n<div class=\"wp-block-image\">\n<figure class=\"alignright size-medium\"><img loading=\"lazy\" decoding=\"async\" width=\"380\" height=\"319\" src=\"https:\/\/www.lovefrance.world\/wp-content\/uploads\/2024\/09\/GLOBAL-DAY-OF-PRAYER-V2-380x319.jpg\" alt=\"\" class=\"wp-image-1624\" srcset=\"https:\/\/www.lovefrance.world\/wp-content\/uploads\/2024\/09\/GLOBAL-DAY-OF-PRAYER-V2-380x319.jpg 380w, https:\/\/www.lovefrance.world\/wp-content\/uploads\/2024\/09\/GLOBAL-DAY-OF-PRAYER-V2-768x644.jpg 768w, https:\/\/www.lovefrance.world\/wp-content\/uploads\/2024\/09\/GLOBAL-DAY-OF-PRAYER-V2-14x12.jpg 14w, https:\/\/www.lovefrance.world\/wp-content\/uploads\/2024\/09\/GLOBAL-DAY-OF-PRAYER-V2.jpg 1528w\" sizes=\"auto, (max-width: 380px) 100vw, 380px\" \/><\/figure>\n<\/div>\n\n\n<p>Si tiene una carga de oraci\u00f3n por los Estados Unidos de Am\u00e9rica, le agradecer\u00edamos que participara en el D\u00eda Mundial de Oraci\u00f3n por Am\u00e9rica, que se llevar\u00e1 a cabo el 22 de septiembre. M\u00e1s informaci\u00f3n <a href=\"https:\/\/flj78ieab.cc.rs6.net\/tn.jsp?f=001KSFAe6W14q1ZbzLA5uo_m0I7Krs6QULQPrwZ6h6HmvBdo3lYVwBoxtlRxpUQ2BU__Lq-2idb_fZ0o659GHBF5nB7zODvaQOq6DDms_nA1T8z0-oNX18Ryw86LuuSPJXu61ittQYknxMbC1qp2fGP71PzyEQqxT5-&amp;c=bJY8kBTLEHqUhgT5S8QXUS-BhsBCdgmMDMaVb9KgvB6hKIKBKDRuJw==&amp;ch=vOm4YHhvAlgY9ZiirMCc2pGD4sLurjWsTw6W_CLp9eHoMA7owx7duw==\" target=\"_blank\" rel=\"noreferrer noopener\">AQU\u00cd<\/a><\/p>\n\n\n\n<blockquote class=\"wp-block-quote is-layout-flow wp-block-quote-is-layout-flow\">\n<p><strong>&#039;Que mi oraci\u00f3n sea puesta delante de ti como el incienso;<br>Sea el alzar de mis manos como la ofrenda de la tarde. Salmo 141:2<\/strong><\/p>\n<\/blockquote>\n\n\n\n<p>Gracias nuevamente por SUS oraciones. Que cada una de nuestras oraciones sea agradable, aceptable y glorificante para el Cordero de Dios.<\/p>\n\n\n\n<p>Toda bendici\u00f3n,<\/p>\n\n\n\n<p><strong>Dr. Jason Hubbard \u2013 Director<br><a href=\"https:\/\/www.ipcprayer.org\" target=\"_blank\" rel=\"noreferrer noopener\">Conexi\u00f3n Internacional de Oraci\u00f3n<\/a> | <a href=\"https:\/\/www.lovefrance.world\/es\/\">Amor Francia<\/a><\/strong><\/p>","protected":false},"excerpt":{"rendered":"<p>\u00a1Estoy muy contento de poder traerles esta noticia y de invitarlos a unirse a nosotros para dar gracias por m\u00e1s de un mill\u00f3n de oraciones que han sido regaladas desde m\u00e1s de 130 naciones...<\/p>","protected":false},"author":1,"featured_media":1618,"comment_status":"closed","ping_status":"closed","sticky":false,"template":"","format":"standard","meta":{"_acf_changed":false,"_monsterinsights_skip_tracking":false,"_monsterinsights_sitenote_active":false,"_monsterinsights_sitenote_note":"","_monsterinsights_sitenote_category":0,"pgc_sgb_lightbox_settings":"","footnotes":""},"categories":[1],"tags":[],"class_list":["post-1617","post","type-post","status-publish","format-standard","has-post-thumbnail","hentry","category-news"],"acf":[],"_links":{"self":[{"href":"https:\/\/www.lovefrance.world\/es\/wp-json\/wp\/v2\/posts\/1617","targetHints":{"allow":["GET"]}}],"collection":[{"href":"https:\/\/www.lovefrance.world\/es\/wp-json\/wp\/v2\/posts"}],"about":[{"href":"https:\/\/www.lovefrance.world\/es\/wp-json\/wp\/v2\/types\/post"}],"author":[{"embeddable":true,"href":"https:\/\/www.lovefrance.world\/es\/wp-json\/wp\/v2\/users\/1"}],"replies":[{"embeddable":true,"href":"https:\/\/www.lovefrance.world\/es\/wp-json\/wp\/v2\/comments?post=1617"}],"version-history":[{"count":2,"href":"https:\/\/www.lovefrance.world\/es\/wp-json\/wp\/v2\/posts\/1617\/revisions"}],"predecessor-version":[{"id":1625,"href":"https:\/\/www.lovefrance.world\/es\/wp-json\/wp\/v2\/posts\/1617\/revisions\/1625"}],"wp:featuredmedia":[{"embeddable":true,"href":"https:\/\/www.lovefrance.world\/es\/wp-json\/wp\/v2\/media\/1618"}],"wp:attachment":[{"href":"https:\/\/www.lovefrance.world\/es\/wp-json\/wp\/v2\/media?parent=1617"}],"wp:term":[{"taxonomy":"category","embeddable":true,"href":"https:\/\/www.lovefrance.world\/es\/wp-json\/wp\/v2\/categories?post=1617"},{"taxonomy":"post_tag","embeddable":true,"href":"https:\/\/www.lovefrance.world\/es\/wp-json\/wp\/v2\/tags?post=1617"}],"curies":[{"name":"wp","href":"https:\/\/api.w.org\/{rel}","templated":true}]}}